{"id":1035,"date":"2017-02-04T15:59:47","date_gmt":"2017-02-04T14:59:47","guid":{"rendered":"http:\/\/www.coachtime.nl\/?p=1035"},"modified":"2017-02-04T15:59:47","modified_gmt":"2017-02-04T14:59:47","slug":"het-leven-vieren","status":"publish","type":"post","link":"https:\/\/www.coachtime.nl\/index.php\/2017\/02\/04\/het-leven-vieren\/","title":{"rendered":"Het leven vieren"},"content":{"rendered":"<p>Officieel ben ik in de herfst van mijn leven en vijftig worden was dan ook best even een hobbel voor me. Lees in deze blog hoe je van de herfst in je leven toch weer in de lente terecht komt!\u00a0<!--more--><\/p>\n<p>&nbsp;<\/p>\n<p>Mijn verjaardag\u00a0zelf was een zeer\u00a0speciale dag vol onverwachte verrassingen die mijn dierbaren voor mij bedacht hadden. Het begon al bij het ontbijt op bed toen ik na de persoonlijke felicitaties van mijn man en dochters toegang kreeg tot een besloten Facebookgroep met de confronterende naam Els 50 jaar! In het geniep hadden familie en vrienden al sinds oktober hun herinneringen aan mij geplaatst, compleet met foto\u2019s van vroeger en nu.<\/p>\n<p>&nbsp;<\/p>\n<p>Ik ben me bewust geworden dat ik het meest genoten heb van het feit dat mensen tijd in mij hebben ge\u00efnvesteerd. Dat vrienden\u00a0speciaal voor m\u00edj, en het raakt me weer als ik dit typ, speciaal voor mij vanuit Zuid Afrika (!) hun tickets naar Scandinavi\u00eb hebben omgeboekt om mijn verjaardag met mij te vieren. Of zoals mijn vriendin Ren\u00e9e uit de vorige\u00a0eeuw, die voor m\u00edj vrij had gevraagd in de drukste periode van het jaar, om drie uur te reizen om met mij feest te vieren.<\/p>\n<p>&nbsp;<\/p>\n<p><iframe loading=\"lazy\" title=\"Het leven vieren\" src=\"https:\/\/player.vimeo.com\/video\/202460348?dnt=1&amp;app_id=122963\" width=\"272\" height=\"480\" frameborder=\"0\" allow=\"autoplay; fullscreen; picture-in-picture; clipboard-write; encrypted-media\"><\/iframe><\/p>\n<p>&nbsp;<\/p>\n<p>Deze zomer, een half jaar voor mijn verjaardag, begon ik al na te denken over een feest. Telkens weer zei iets in mij dat ik geen gewoon feest wilde geven. Het georganiseer, terwijl ik dat vroeger erg leuk vond, staat me sinds een paar jaar soms tegen. Het is niet meer zo mijn ding zeg maar. Maar helemaal geen feest geven bij het bereiken van deze mooie leeftijd, er geen aandacht aan besteden klopte ook niet, er moest wel iets gebeuren. Het niet vieren klopte ook niet voor mij. Maar hoe en wat dan wel? Ik heb mezelf daar de tijd voor gegeven om over na te denken, het was immers nog maar zomer.<\/p>\n<p>&nbsp;<\/p>\n<p>&nbsp;<\/p>\n<p>En opeens in augustus in een <em>split second<\/em> was het helder. Ja! Ik wilde kerst met mijn familie doorbrengen, het leek mij opeens zelfs een geweldig idee die ingeving, ik wist het zeker. Al jaren gaan wij met ons eigen gezin, en met ons nog een miljoen Nederlanders, weg met kerst. Ik durf er iets onder te verwedden op basis van hetgeen ik in mijn praktijk hoor dat zeker nog drie miljoen Nederlanders het liefst hetzelfde zouden willen doen. \u00a0Enfin en dan wil ik met kerst mijn familie om me heen hebben? Ik kom er op terug.<\/p>\n<p>&nbsp;<\/p>\n<p>&nbsp;<\/p>\n<p>Toen ik aan mijn man vertelde dat het mij erg leuk leek om als verjaardagscadeau mijn moeder en twee broers met schoonzus en neefje en nichtje uit te nodigen voor een skivakantie\u00a0Oostenrijk, keek hij me heel wazig aan. Terecht merkte hij op maar dat is toch geen cadeau? Wat wil je dan als cadeau graag hebben? Ja daar had hij een punt, hoewel ik mijn ultieme cadeau al bedacht had door hen mee te vragen.<\/p>\n<p>&nbsp;<\/p>\n<p>Na ook over die vraag even te hebben nagedacht was het ideale cadeau om de hele dag niets te hoeven doen, helemaal niets. De hele dag te laten gebeuren en maar te kijken wat ze voor me bedacht hadden. Ja, dat moest het worden. Mijn man kent me al wat langer dan vandaag en twijfelde of ik dat wel zou kunnen. Ik ben iemand die graag zelf de touwtjes in handen heeft, in controle is, kritisch is en dan vraag \u00edk een surprise-dag? Eigenlijk stelde ik mezelf voor de schier onmogelijke opdracht alles los te laten mezelf over te geven! Tja, dat zou ik na vijftig jaar toch wel eens moeten kunnen?<\/p>\n<p>&nbsp;<\/p>\n<p>&nbsp;<\/p>\n<p>Het was een grandioze dag \u00e9n ik heb wederom lessen geleerd. In overgave ontstaan de mooiste dingen! Ik ben dankbaar dat ik vijftig ben geworden want dat is niet iedereen gegeven. Ik ga verder met het verhaal waarom mijn familie mee leek te moeten deze kerst, juist deze kerst.<\/p>\n<p>&nbsp;<\/p>\n<p>Mijn jongste broer is slechts achtendertig jaar oud geworden. Hij werd in het voorjaar van 2014 om het leven gebracht. Juist voor deze verjaardag en voor deze kerst drong het besef tot mij door dat hij er natuurlijk gewoon bij had moeten zijn. Zijn adagium\u00a0of liever gezegd zijn gebod, was altijd \u201cWel genieten!\u201d Maar ja, genieten terwijl je verdrietig bent, kerst met familie doorbrengen terwijl je het liefst alleen op een onbewoond eiland zit, hoe\u00a0doe je dat?<\/p>\n<p>&nbsp;<\/p>\n<p>&nbsp;<\/p>\n<p>Het antwoord diende zich half december aan toen ik bij een lezing was van Manu Keirse, hoogleraar in Belgi\u00eb en autoriteit op het gebeid van rouwverwerking. De lezing stond in het teken van de aanstaande feestdagen in relatie tot verlies en verdriet. Om een lang verhaal kort te maken leerde ik opnieuw het belang van het noemen van namen van hen die niet meer onder ons zijn. Manu begin zijn lezing met het voorlezen van het verhaal van de drie bomen. En opeens wist ik het, dit kerstverhaal paste bij ons leven, bij het leven met het aanwezige gemis dat sterker tot je doordringt bij bijzondere dagen.<\/p>\n<p>&nbsp;<\/p>\n<p>&nbsp;<\/p>\n<p>Hieronder staat het verhaal dat ik voorgelezen heb op kerstavond. Wellicht een raar moment om daar nu aandacht aan te besteden. Het is echter een verhaal voor alle tijden, een verhaal van leven en overleven.\u00a0We hebben samen drie kaarsjes gebrand voor hen die ons ontvallen zijn, we hebben samen gehuild en elkaar vastgehouden. Daarna, of ik denk juist\u00a0daarom, konden we dieper genieten van het leven.<\/p>\n<figure id=\"attachment_1043\" aria-describedby=\"caption-attachment-1043\" style=\"width: 450px\" class=\"wp-caption alignnone\"><a href=\"https:\/\/www.coachtime.nl\/wp-content\/uploads\/2017\/01\/Reina-boom-4-e1486160879912.jpg\"><img loading=\"lazy\" decoding=\"async\" class=\"wp-image-1043\" src=\"https:\/\/www.coachtime.nl\/wp-content\/uploads\/2017\/01\/Reina-boom-4-300x202.jpg\" width=\"450\" height=\"302\" data-id=\"1043\" \/><\/a><figcaption id=\"caption-attachment-1043\" class=\"wp-caption-text\">Reina Alserda<\/figcaption><\/figure>\n<p>&nbsp;<\/p>\n<p><strong>Het verhaal van de drie bomen<\/strong><\/p>\n<p>Er waren eens drie bomen, die alle drie in een hevig storm een tak waren kwijtgeraakt.<br \/>\nDe drie bomen waren elk op een andere manier met hun verlies omgegaan.<br \/>\nJaren later ging ik de bomen weer opzoeken.<br \/>\nGisteren heb ik ze teruggevonden en met hen gesproken.<\/p>\n<p>&nbsp;<\/p>\n<p>De eerste boom rouwde nog steeds om zijn verlies en zei ieder voorjaar als de zon hem uitnodigde om te groeien: &#8220;nee, dat kan ik niet want ik mis een belangrijke tak.&#8221;<br \/>\nIk zag dat hij klein was gebleven en in de schaduw stond van de andere bomen.<br \/>\nDe zon drong niet meer tot hem door. De wonde was duidelijk zichtbaar en hij zag er naakt uit. Het was het hoogste punt van de boom. Hij was niet meer verder gegroeid.<\/p>\n<p>&nbsp;<\/p>\n<p>De tweede boom was zo geschrokken van de pijn<br \/>\ndat hij snel had besloten om het verlies te vergeten.<br \/>\nHij was moeilijk te vinden, want hij lag op de grond.<br \/>\nEen voorjaarsstorm had hem doen omwaaien. Hij had zijn greep op de aarde verloren.<br \/>\nDe plek van de wonde was moeilijk terug te vinden.<br \/>\nDeze zat verstopt achter een heleboel vochtige bladeren en lag daar te rotten.<\/p>\n<p>&nbsp;<\/p>\n<p>De derde boom was ook erg geschrokken van de pijn en de leegte van zijn lijf,<br \/>\nen hij rouwde om zijn verlies.<br \/>\nHet eerste voorjaar toen de zon hem uitnodigde om te groeien, had hij gezegd: &#8220;dit jaar nog niet&#8221;.<\/p>\n<p>&nbsp;<\/p>\n<p>Toen de zon het tweede voorjaar weer terugkwam met de uitnodiging, had hij gezegd:<br \/>\n&#8220;ja, zon, verwarm mij zodat ik mijn wonde kan verwarmen.<br \/>\nMijn wonde heeft warmte nodig, opdat ze weet dat ze erbij hoort.&#8221;<br \/>\nToen de zon het derde jaar weer terugkwam, sprak de boom: &#8220;ja zon, laat mij groeien.<br \/>\nIk weet dat er nog zoveel te groeien is.&#8221; De derde boom was ook moeilijk te vinden,<br \/>\nwant ik had niet verwacht dat hij zo groot en sterk zou zijn geworden.<br \/>\nGelukkig heb ik hem herkend aan de dichtgegroeide wonde,<br \/>\ndie vol trots in het zonlicht werd gehouden.<\/p>\n<p>&nbsp;<\/p>\n<p>E. Landwaard<\/p>\n<p>&nbsp;<\/p>\n<p>Hoe je in de herfst van je\u00a0leven weer in de lente en de zomer terecht kunt komen, is voor mij duidelijk. Dat gaat altijd via de winter. De hobbel is genomen, de\u00a0lente is in aantocht, ik groei en leef volop!<\/p>\n<p>&nbsp;<\/p>\n<p>Schrijf je ook in voor mijn blog!<\/p>\n","protected":false},"excerpt":{"rendered":"<p>Officieel ben ik in de herfst van mijn leven en vijftig worden was dan ook best even een hobbel voor me. Lees in deze blog hoe je van de herfst in je leven toch weer in de lente terecht komt!\u00a0<\/p>\n","protected":false},"author":1,"featured_media":1043,"comment_status":"closed","ping_status":"closed","sticky":false,"template":"","format":"standard","meta":{"_genesis_hide_title":false,"_genesis_hide_breadcrumbs":false,"_genesis_hide_singular_image":false,"_genesis_hide_footer_widgets":false,"_genesis_custom_body_class":"","_genesis_custom_post_class":"","_genesis_layout":"","footnotes":""},"categories":[25],"tags":[],"class_list":{"0":"post-1035","1":"post","2":"type-post","3":"status-publish","4":"format-standard","5":"has-post-thumbnail","7":"category-blog","8":"entry"},"yoast_head":"<!-- This site is optimized with the Yoast SEO plugin v27.5 - https:\/\/yoast.com\/product\/yoast-seo-wordpress\/ -->\n<title>Het leven vieren - Coachtime<\/title>\n<meta name=\"robots\" content=\"index, follow, max-snippet:-1, max-image-preview:large, max-video-preview:-1\" \/>\n<link rel=\"canonical\" href=\"https:\/\/www.coachtime.nl\/index.php\/2017\/02\/04\/het-leven-vieren\/\" \/>\n<meta property=\"og:locale\" content=\"nl_NL\" \/>\n<meta property=\"og:type\" content=\"article\" \/>\n<meta property=\"og:title\" content=\"Het leven vieren - Coachtime\" \/>\n<meta property=\"og:description\" content=\"Officieel ben ik in de herfst van mijn leven en vijftig worden was dan ook best even een hobbel voor me. Lees in deze blog hoe je van de herfst in je leven toch weer in de lente terecht komt!\u00a0\" \/>\n<meta property=\"og:url\" content=\"https:\/\/www.coachtime.nl\/index.php\/2017\/02\/04\/het-leven-vieren\/\" \/>\n<meta property=\"og:site_name\" content=\"Coachtime\" \/>\n<meta property=\"article:published_time\" content=\"2017-02-04T14:59:47+00:00\" \/>\n<meta name=\"author\" content=\"admin\" \/>\n<meta name=\"twitter:card\" content=\"summary_large_image\" \/>\n<meta name=\"twitter:label1\" content=\"Geschreven door\" \/>\n\t<meta name=\"twitter:data1\" content=\"admin\" \/>\n\t<meta name=\"twitter:label2\" content=\"Geschatte leestijd\" \/>\n\t<meta name=\"twitter:data2\" content=\"7 minuten\" \/>\n<script type=\"application\/ld+json\" class=\"yoast-schema-graph\">{\"@context\":\"https:\\\/\\\/schema.org\",\"@graph\":[{\"@type\":\"Article\",\"@id\":\"https:\\\/\\\/www.coachtime.nl\\\/index.php\\\/2017\\\/02\\\/04\\\/het-leven-vieren\\\/#article\",\"isPartOf\":{\"@id\":\"https:\\\/\\\/www.coachtime.nl\\\/index.php\\\/2017\\\/02\\\/04\\\/het-leven-vieren\\\/\"},\"author\":{\"name\":\"admin\",\"@id\":\"https:\\\/\\\/www.coachtime.nl\\\/#\\\/schema\\\/person\\\/db56fd210033ba0c01dd2af89e9c4aa3\"},\"headline\":\"Het leven vieren\",\"datePublished\":\"2017-02-04T14:59:47+00:00\",\"mainEntityOfPage\":{\"@id\":\"https:\\\/\\\/www.coachtime.nl\\\/index.php\\\/2017\\\/02\\\/04\\\/het-leven-vieren\\\/\"},\"wordCount\":1333,\"image\":{\"@id\":\"https:\\\/\\\/www.coachtime.nl\\\/index.php\\\/2017\\\/02\\\/04\\\/het-leven-vieren\\\/#primaryimage\"},\"thumbnailUrl\":\"\",\"articleSection\":[\"blog\"],\"inLanguage\":\"nl-NL\"},{\"@type\":\"WebPage\",\"@id\":\"https:\\\/\\\/www.coachtime.nl\\\/index.php\\\/2017\\\/02\\\/04\\\/het-leven-vieren\\\/\",\"url\":\"https:\\\/\\\/www.coachtime.nl\\\/index.php\\\/2017\\\/02\\\/04\\\/het-leven-vieren\\\/\",\"name\":\"Het leven vieren - Coachtime\",\"isPartOf\":{\"@id\":\"https:\\\/\\\/www.coachtime.nl\\\/#website\"},\"primaryImageOfPage\":{\"@id\":\"https:\\\/\\\/www.coachtime.nl\\\/index.php\\\/2017\\\/02\\\/04\\\/het-leven-vieren\\\/#primaryimage\"},\"image\":{\"@id\":\"https:\\\/\\\/www.coachtime.nl\\\/index.php\\\/2017\\\/02\\\/04\\\/het-leven-vieren\\\/#primaryimage\"},\"thumbnailUrl\":\"\",\"datePublished\":\"2017-02-04T14:59:47+00:00\",\"author\":{\"@id\":\"https:\\\/\\\/www.coachtime.nl\\\/#\\\/schema\\\/person\\\/db56fd210033ba0c01dd2af89e9c4aa3\"},\"breadcrumb\":{\"@id\":\"https:\\\/\\\/www.coachtime.nl\\\/index.php\\\/2017\\\/02\\\/04\\\/het-leven-vieren\\\/#breadcrumb\"},\"inLanguage\":\"nl-NL\",\"potentialAction\":[{\"@type\":\"ReadAction\",\"target\":[\"https:\\\/\\\/www.coachtime.nl\\\/index.php\\\/2017\\\/02\\\/04\\\/het-leven-vieren\\\/\"]}]},{\"@type\":\"ImageObject\",\"inLanguage\":\"nl-NL\",\"@id\":\"https:\\\/\\\/www.coachtime.nl\\\/index.php\\\/2017\\\/02\\\/04\\\/het-leven-vieren\\\/#primaryimage\",\"url\":\"\",\"contentUrl\":\"\"},{\"@type\":\"BreadcrumbList\",\"@id\":\"https:\\\/\\\/www.coachtime.nl\\\/index.php\\\/2017\\\/02\\\/04\\\/het-leven-vieren\\\/#breadcrumb\",\"itemListElement\":[{\"@type\":\"ListItem\",\"position\":1,\"name\":\"Home\",\"item\":\"https:\\\/\\\/www.coachtime.nl\\\/\"},{\"@type\":\"ListItem\",\"position\":2,\"name\":\"Het leven vieren\"}]},{\"@type\":\"WebSite\",\"@id\":\"https:\\\/\\\/www.coachtime.nl\\\/#website\",\"url\":\"https:\\\/\\\/www.coachtime.nl\\\/\",\"name\":\"Coachtime\",\"description\":\"Sta even stil om verder te komen\",\"potentialAction\":[{\"@type\":\"SearchAction\",\"target\":{\"@type\":\"EntryPoint\",\"urlTemplate\":\"https:\\\/\\\/www.coachtime.nl\\\/?s={search_term_string}\"},\"query-input\":{\"@type\":\"PropertyValueSpecification\",\"valueRequired\":true,\"valueName\":\"search_term_string\"}}],\"inLanguage\":\"nl-NL\"},{\"@type\":\"Person\",\"@id\":\"https:\\\/\\\/www.coachtime.nl\\\/#\\\/schema\\\/person\\\/db56fd210033ba0c01dd2af89e9c4aa3\",\"name\":\"admin\",\"image\":{\"@type\":\"ImageObject\",\"inLanguage\":\"nl-NL\",\"@id\":\"https:\\\/\\\/secure.gravatar.com\\\/avatar\\\/e9878d69d7012a16496eb6a7b9aa6634d6b34d55e181b497d966a64d26bb651d?s=96&d=mm&r=g\",\"url\":\"https:\\\/\\\/secure.gravatar.com\\\/avatar\\\/e9878d69d7012a16496eb6a7b9aa6634d6b34d55e181b497d966a64d26bb651d?s=96&d=mm&r=g\",\"contentUrl\":\"https:\\\/\\\/secure.gravatar.com\\\/avatar\\\/e9878d69d7012a16496eb6a7b9aa6634d6b34d55e181b497d966a64d26bb651d?s=96&d=mm&r=g\",\"caption\":\"admin\"},\"sameAs\":[\"https:\\\/\\\/www.coachtime.nl\"],\"url\":\"https:\\\/\\\/www.coachtime.nl\\\/index.php\\\/author\\\/elaborate\\\/\"}]}<\/script>\n<!-- \/ Yoast SEO plugin. -->","yoast_head_json":{"title":"Het leven vieren - Coachtime","robots":{"index":"index","follow":"follow","max-snippet":"max-snippet:-1","max-image-preview":"max-image-preview:large","max-video-preview":"max-video-preview:-1"},"canonical":"https:\/\/www.coachtime.nl\/index.php\/2017\/02\/04\/het-leven-vieren\/","og_locale":"nl_NL","og_type":"article","og_title":"Het leven vieren - Coachtime","og_description":"Officieel ben ik in de herfst van mijn leven en vijftig worden was dan ook best even een hobbel voor me. Lees in deze blog hoe je van de herfst in je leven toch weer in de lente terecht komt!\u00a0","og_url":"https:\/\/www.coachtime.nl\/index.php\/2017\/02\/04\/het-leven-vieren\/","og_site_name":"Coachtime","article_published_time":"2017-02-04T14:59:47+00:00","author":"admin","twitter_card":"summary_large_image","twitter_misc":{"Geschreven door":"admin","Geschatte leestijd":"7 minuten"},"schema":{"@context":"https:\/\/schema.org","@graph":[{"@type":"Article","@id":"https:\/\/www.coachtime.nl\/index.php\/2017\/02\/04\/het-leven-vieren\/#article","isPartOf":{"@id":"https:\/\/www.coachtime.nl\/index.php\/2017\/02\/04\/het-leven-vieren\/"},"author":{"name":"admin","@id":"https:\/\/www.coachtime.nl\/#\/schema\/person\/db56fd210033ba0c01dd2af89e9c4aa3"},"headline":"Het leven vieren","datePublished":"2017-02-04T14:59:47+00:00","mainEntityOfPage":{"@id":"https:\/\/www.coachtime.nl\/index.php\/2017\/02\/04\/het-leven-vieren\/"},"wordCount":1333,"image":{"@id":"https:\/\/www.coachtime.nl\/index.php\/2017\/02\/04\/het-leven-vieren\/#primaryimage"},"thumbnailUrl":"","articleSection":["blog"],"inLanguage":"nl-NL"},{"@type":"WebPage","@id":"https:\/\/www.coachtime.nl\/index.php\/2017\/02\/04\/het-leven-vieren\/","url":"https:\/\/www.coachtime.nl\/index.php\/2017\/02\/04\/het-leven-vieren\/","name":"Het leven vieren - Coachtime","isPartOf":{"@id":"https:\/\/www.coachtime.nl\/#website"},"primaryImageOfPage":{"@id":"https:\/\/www.coachtime.nl\/index.php\/2017\/02\/04\/het-leven-vieren\/#primaryimage"},"image":{"@id":"https:\/\/www.coachtime.nl\/index.php\/2017\/02\/04\/het-leven-vieren\/#primaryimage"},"thumbnailUrl":"","datePublished":"2017-02-04T14:59:47+00:00","author":{"@id":"https:\/\/www.coachtime.nl\/#\/schema\/person\/db56fd210033ba0c01dd2af89e9c4aa3"},"breadcrumb":{"@id":"https:\/\/www.coachtime.nl\/index.php\/2017\/02\/04\/het-leven-vieren\/#breadcrumb"},"inLanguage":"nl-NL","potentialAction":[{"@type":"ReadAction","target":["https:\/\/www.coachtime.nl\/index.php\/2017\/02\/04\/het-leven-vieren\/"]}]},{"@type":"ImageObject","inLanguage":"nl-NL","@id":"https:\/\/www.coachtime.nl\/index.php\/2017\/02\/04\/het-leven-vieren\/#primaryimage","url":"","contentUrl":""},{"@type":"BreadcrumbList","@id":"https:\/\/www.coachtime.nl\/index.php\/2017\/02\/04\/het-leven-vieren\/#breadcrumb","itemListElement":[{"@type":"ListItem","position":1,"name":"Home","item":"https:\/\/www.coachtime.nl\/"},{"@type":"ListItem","position":2,"name":"Het leven vieren"}]},{"@type":"WebSite","@id":"https:\/\/www.coachtime.nl\/#website","url":"https:\/\/www.coachtime.nl\/","name":"Coachtime","description":"Sta even stil om verder te komen","potentialAction":[{"@type":"SearchAction","target":{"@type":"EntryPoint","urlTemplate":"https:\/\/www.coachtime.nl\/?s={search_term_string}"},"query-input":{"@type":"PropertyValueSpecification","valueRequired":true,"valueName":"search_term_string"}}],"inLanguage":"nl-NL"},{"@type":"Person","@id":"https:\/\/www.coachtime.nl\/#\/schema\/person\/db56fd210033ba0c01dd2af89e9c4aa3","name":"admin","image":{"@type":"ImageObject","inLanguage":"nl-NL","@id":"https:\/\/secure.gravatar.com\/avatar\/e9878d69d7012a16496eb6a7b9aa6634d6b34d55e181b497d966a64d26bb651d?s=96&d=mm&r=g","url":"https:\/\/secure.gravatar.com\/avatar\/e9878d69d7012a16496eb6a7b9aa6634d6b34d55e181b497d966a64d26bb651d?s=96&d=mm&r=g","contentUrl":"https:\/\/secure.gravatar.com\/avatar\/e9878d69d7012a16496eb6a7b9aa6634d6b34d55e181b497d966a64d26bb651d?s=96&d=mm&r=g","caption":"admin"},"sameAs":["https:\/\/www.coachtime.nl"],"url":"https:\/\/www.coachtime.nl\/index.php\/author\/elaborate\/"}]}},"_links":{"self":[{"href":"https:\/\/www.coachtime.nl\/index.php\/wp-json\/wp\/v2\/posts\/1035","targetHints":{"allow":["GET"]}}],"collection":[{"href":"https:\/\/www.coachtime.nl\/index.php\/wp-json\/wp\/v2\/posts"}],"about":[{"href":"https:\/\/www.coachtime.nl\/index.php\/wp-json\/wp\/v2\/types\/post"}],"author":[{"embeddable":true,"href":"https:\/\/www.coachtime.nl\/index.php\/wp-json\/wp\/v2\/users\/1"}],"replies":[{"embeddable":true,"href":"https:\/\/www.coachtime.nl\/index.php\/wp-json\/wp\/v2\/comments?post=1035"}],"version-history":[{"count":0,"href":"https:\/\/www.coachtime.nl\/index.php\/wp-json\/wp\/v2\/posts\/1035\/revisions"}],"wp:featuredmedia":[{"embeddable":true,"href":"https:\/\/www.coachtime.nl\/index.php\/wp-json\/"}],"wp:attachment":[{"href":"https:\/\/www.coachtime.nl\/index.php\/wp-json\/wp\/v2\/media?parent=1035"}],"wp:term":[{"taxonomy":"category","embeddable":true,"href":"https:\/\/www.coachtime.nl\/index.php\/wp-json\/wp\/v2\/categories?post=1035"},{"taxonomy":"post_tag","embeddable":true,"href":"https:\/\/www.coachtime.nl\/index.php\/wp-json\/wp\/v2\/tags?post=1035"}],"curies":[{"name":"wp","href":"https:\/\/api.w.org\/{rel}","templated":true}]}}